{"id":1868,"date":"2019-03-03T01:53:01","date_gmt":"2019-03-03T07:53:01","guid":{"rendered":"http:\/\/www.ienasaj.com\/?p=1868"},"modified":"2021-02-17T14:07:13","modified_gmt":"2021-02-17T20:07:13","slug":"colombia-ahora-tambien-realizamos-la-factura-electronica-con-scad","status":"publish","type":"post","link":"http:\/\/www.ienasaj.com\/index.php\/colombia-ahora-tambien-realizamos-la-factura-electronica-con-scad\/","title":{"rendered":"Colombia: Ahora Tambi\u00e9n Realizamos La Factura Electr\u00f3nica Con SCAD"},"content":{"rendered":"<p>[vc_row][vc_column][vc_column_text]<\/p>\n<div class=\"itemIntroText\">\n<p style=\"text-align: justify;\">Dicho tr\u00e1mite de la factura electr\u00f3nica ya es una obligaci\u00f3n en Colombia. A partir del segundo semestre del 2019, y de forma gradual, entr\u00f3 en vigencia la norma para la mayor\u00eda de compa\u00f1\u00edas y personas obligadas a facturar.<\/p>\n<p style=\"text-align: justify;\"><strong>\u00bfQu\u00e9 es la factura electr\u00f3nica?<\/strong><\/p>\n<p style=\"text-align: justify;\">Es una factura con los mismos efectos legales que una en papel, pero que se expide y recibe en formato electr\u00f3nico.<\/p>\n<p style=\"text-align: justify;\"><strong>\u00bfHay sanciones para quienes no la expidan?<\/strong><\/p>\n<p style=\"text-align: justify;\">S\u00ed. En Colombia se exponen a severas multas e incluso a la clausura de su negocio o comercio.<\/p>\n<p style=\"text-align: justify;\">Existe un\u00a0<strong>Calendario Que Entr\u00f3 En Vigencia A Partir De Mayo<\/strong>\u00a0respecto a los subsectores econ\u00f3micos que deben empezar a usar la factura electr\u00f3nica. Ya empezaron los de explotaci\u00f3n, minas y canteras, Industria Metalmec\u00e1nica, el\u00e9ctrica y electr\u00f3nica, adem\u00e1s de Comercio automotores, repuestos, computadores y equipos.<\/p>\n<p style=\"text-align: justify;\">Desde el 1 de septiembre deber\u00e1n hacerlo los de otras actividades y servicios. Para todos ellos, ERP SCAD ya est\u00e1 listo para hacer dichas facturas electr\u00f3nicas. El servicio para Colombia ya lo tenemos disponible, tal como para Costa Rica y Panam\u00e1.<\/p>\n<\/div>\n<p>[\/vc_column_text][\/vc_column][\/vc_row]<\/p>\n","protected":false},"excerpt":{"rendered":"[vc_row][vc_column][vc_column_text] Dicho tr\u00e1mite de la factura electr\u00f3nica ya es una obligaci\u00f3n en Colombia. A partir del segundo semestre del 2019, y de forma gradual, entr\u00f3 en vigencia la norma para la mayor\u00eda de compa\u00f1\u00edas y personas obligadas a facturar. \u00bfQu\u00e9 es la factura electr\u00f3nica? Es una factura con los mismos efectos legales que una en[&#8230;]","protected":false},"author":1,"featured_media":1869,"comment_status":"closed","ping_status":"closed","sticky":false,"template":"","format":"standard","meta":[],"categories":[67,63],"tags":[79,76,68,74,75,73,71],"yoast_head":"<!-- This site is optimized with the Yoast SEO plugin v18.8 - https:\/\/yoast.com\/wordpress\/plugins\/seo\/ -->\n<title>Colombia: Ahora Tambi\u00e9n Realizamos La Factura Electr\u00f3nica Con SCAD &bull; Inform\u00e1tica Especializada NASAJ<\/title>\n<meta name=\"robots\" content=\"index, follow, max-snippet:-1, max-image-preview:large, max-video-preview:-1\" \/>\n<link rel=\"canonical\" href=\"http:\/\/www.ienasaj.com\/index.php\/colombia-ahora-tambien-realizamos-la-factura-electronica-con-scad\/\" \/>\n<meta property=\"og:locale\" content=\"es_ES\" \/>\n<meta property=\"og:type\" content=\"article\" \/>\n<meta property=\"og:title\" content=\"Colombia: Ahora Tambi\u00e9n Realizamos La Factura Electr\u00f3nica Con SCAD &bull; Inform\u00e1tica Especializada NASAJ\" \/>\n<meta property=\"og:description\" content=\"[vc_row][vc_column][vc_column_text] Dicho tr\u00e1mite de la factura electr\u00f3nica ya es una obligaci\u00f3n en Colombia. A partir del segundo semestre del 2019, y de forma gradual, entr\u00f3 en vigencia la norma para la mayor\u00eda de compa\u00f1\u00edas y personas obligadas a facturar. \u00bfQu\u00e9 es la factura electr\u00f3nica? Es una factura con los mismos efectos legales que una en[...]\" \/>\n<meta property=\"og:url\" content=\"http:\/\/www.ienasaj.com\/index.php\/colombia-ahora-tambien-realizamos-la-factura-electronica-con-scad\/\" \/>\n<meta property=\"og:site_name\" content=\"Inform\u00e1tica Especializada NASAJ\" \/>\n<meta property=\"article:publisher\" content=\"https:\/\/www.facebook.com\/informaticaespecializadanasaj\" \/>\n<meta property=\"article:published_time\" content=\"2019-03-03T07:53:01+00:00\" \/>\n<meta property=\"article:modified_time\" content=\"2021-02-17T20:07:13+00:00\" \/>\n<meta property=\"og:image\" content=\"http:\/\/www.ienasaj.com\/wp-content\/uploads\/2020\/12\/Colombia-Ahora-Tambien-Realizamos-La-Factura-Electronica-Con-SCAD.jpg\" \/>\n\t<meta property=\"og:image:width\" content=\"1900\" \/>\n\t<meta property=\"og:image:height\" content=\"1140\" \/>\n\t<meta property=\"og:image:type\" content=\"image\/jpeg\" \/>\n<meta name=\"twitter:card\" content=\"summary_large_image\" \/>\n<meta name=\"twitter:creator\" content=\"@ienasaj\" \/>\n<meta name=\"twitter:site\" content=\"@ienasaj\" \/>\n<meta name=\"twitter:label1\" content=\"Escrito por\" \/>\n\t<meta name=\"twitter:data1\" content=\"IENASAJSoftware\" \/>\n\t<meta name=\"twitter:label2\" content=\"Tiempo de lectura\" \/>\n\t<meta name=\"twitter:data2\" content=\"1 minuto\" \/>\n<script type=\"application\/ld+json\" class=\"yoast-schema-graph\">{\"@context\":\"https:\/\/schema.org\",\"@graph\":[{\"@type\":\"Organization\",\"@id\":\"http:\/\/www.ienasaj.com\/#organization\",\"name\":\"Inform\u00e1tica Especializada Nasaj\",\"url\":\"http:\/\/www.ienasaj.com\/\",\"sameAs\":[\"https:\/\/www.facebook.com\/informaticaespecializadanasaj\",\"https:\/\/www.instagram.com\/ienasaj\/\",\"https:\/\/www.linkedin.com\/company\/inform\u00e1tica-especializada-nasaj\/\",\"https:\/\/www.youtube.com\/user\/infnasaj\",\"https:\/\/twitter.com\/ienasaj\"],\"logo\":{\"@type\":\"ImageObject\",\"inLanguage\":\"es\",\"@id\":\"http:\/\/www.ienasaj.com\/#\/schema\/logo\/image\/\",\"url\":\"http:\/\/www.ienasaj.com\/wp-content\/uploads\/2020\/12\/logo_ienasaj-erp-nuevo-th.png\",\"contentUrl\":\"http:\/\/www.ienasaj.com\/wp-content\/uploads\/2020\/12\/logo_ienasaj-erp-nuevo-th.png\",\"width\":140,\"height\":47,\"caption\":\"Inform\u00e1tica Especializada Nasaj\"},\"image\":{\"@id\":\"http:\/\/www.ienasaj.com\/#\/schema\/logo\/image\/\"}},{\"@type\":\"WebSite\",\"@id\":\"http:\/\/www.ienasaj.com\/#website\",\"url\":\"http:\/\/www.ienasaj.com\/\",\"name\":\"Inform\u00e1tica Especializada NASAJ\",\"description\":\"Software ERP para gesti\u00f3n empresarial, software y soluciones empresariales latinoamerica\",\"publisher\":{\"@id\":\"http:\/\/www.ienasaj.com\/#organization\"},\"potentialAction\":[{\"@type\":\"SearchAction\",\"target\":{\"@type\":\"EntryPoint\",\"urlTemplate\":\"http:\/\/www.ienasaj.com\/?s={search_term_string}\"},\"query-input\":\"required name=search_term_string\"}],\"inLanguage\":\"es\"},{\"@type\":\"ImageObject\",\"inLanguage\":\"es\",\"@id\":\"http:\/\/www.ienasaj.com\/index.php\/colombia-ahora-tambien-realizamos-la-factura-electronica-con-scad\/#primaryimage\",\"url\":\"http:\/\/www.ienasaj.com\/wp-content\/uploads\/2020\/12\/Colombia-Ahora-Tambien-Realizamos-La-Factura-Electronica-Con-SCAD.jpg\",\"contentUrl\":\"http:\/\/www.ienasaj.com\/wp-content\/uploads\/2020\/12\/Colombia-Ahora-Tambien-Realizamos-La-Factura-Electronica-Con-SCAD.jpg\",\"width\":1900,\"height\":1140},{\"@type\":\"WebPage\",\"@id\":\"http:\/\/www.ienasaj.com\/index.php\/colombia-ahora-tambien-realizamos-la-factura-electronica-con-scad\/#webpage\",\"url\":\"http:\/\/www.ienasaj.com\/index.php\/colombia-ahora-tambien-realizamos-la-factura-electronica-con-scad\/\",\"name\":\"Colombia: Ahora Tambi\u00e9n Realizamos La Factura Electr\u00f3nica Con SCAD &bull; Inform\u00e1tica Especializada NASAJ\",\"isPartOf\":{\"@id\":\"http:\/\/www.ienasaj.com\/#website\"},\"primaryImageOfPage\":{\"@id\":\"http:\/\/www.ienasaj.com\/index.php\/colombia-ahora-tambien-realizamos-la-factura-electronica-con-scad\/#primaryimage\"},\"datePublished\":\"2019-03-03T07:53:01+00:00\",\"dateModified\":\"2021-02-17T20:07:13+00:00\",\"breadcrumb\":{\"@id\":\"http:\/\/www.ienasaj.com\/index.php\/colombia-ahora-tambien-realizamos-la-factura-electronica-con-scad\/#breadcrumb\"},\"inLanguage\":\"es\",\"potentialAction\":[{\"@type\":\"ReadAction\",\"target\":[\"http:\/\/www.ienasaj.com\/index.php\/colombia-ahora-tambien-realizamos-la-factura-electronica-con-scad\/\"]}]},{\"@type\":\"BreadcrumbList\",\"@id\":\"http:\/\/www.ienasaj.com\/index.php\/colombia-ahora-tambien-realizamos-la-factura-electronica-con-scad\/#breadcrumb\",\"itemListElement\":[{\"@type\":\"ListItem\",\"position\":1,\"name\":\"Home\",\"item\":\"http:\/\/www.ienasaj.com\/\"},{\"@type\":\"ListItem\",\"position\":2,\"name\":\"Colombia: Ahora Tambi\u00e9n Realizamos La Factura Electr\u00f3nica Con SCAD\"}]},{\"@type\":\"Article\",\"@id\":\"http:\/\/www.ienasaj.com\/index.php\/colombia-ahora-tambien-realizamos-la-factura-electronica-con-scad\/#article\",\"isPartOf\":{\"@id\":\"http:\/\/www.ienasaj.com\/index.php\/colombia-ahora-tambien-realizamos-la-factura-electronica-con-scad\/#webpage\"},\"author\":{\"@id\":\"http:\/\/www.ienasaj.com\/#\/schema\/person\/75f3d76719c0d47bc3667a868c5da40e\"},\"headline\":\"Colombia: Ahora Tambi\u00e9n Realizamos La Factura Electr\u00f3nica Con SCAD\",\"datePublished\":\"2019-03-03T07:53:01+00:00\",\"dateModified\":\"2021-02-17T20:07:13+00:00\",\"mainEntityOfPage\":{\"@id\":\"http:\/\/www.ienasaj.com\/index.php\/colombia-ahora-tambien-realizamos-la-factura-electronica-con-scad\/#webpage\"},\"wordCount\":214,\"publisher\":{\"@id\":\"http:\/\/www.ienasaj.com\/#organization\"},\"image\":{\"@id\":\"http:\/\/www.ienasaj.com\/index.php\/colombia-ahora-tambien-realizamos-la-factura-electronica-con-scad\/#primaryimage\"},\"thumbnailUrl\":\"http:\/\/www.ienasaj.com\/wp-content\/uploads\/2020\/12\/Colombia-Ahora-Tambien-Realizamos-La-Factura-Electronica-Con-SCAD.jpg\",\"keywords\":[\"colombia\",\"ERP\",\"facturaci\u00f3n electronica\",\"POS\",\"software administrativo\",\"software contable\",\"software de facturaci\u00f3n\"],\"articleSection\":[\"Colombia\",\"ERP SCAD\"],\"inLanguage\":\"es\"},{\"@type\":\"Person\",\"@id\":\"http:\/\/www.ienasaj.com\/#\/schema\/person\/75f3d76719c0d47bc3667a868c5da40e\",\"name\":\"IENASAJSoftware\",\"image\":{\"@type\":\"ImageObject\",\"inLanguage\":\"es\",\"@id\":\"http:\/\/www.ienasaj.com\/#\/schema\/person\/image\/\",\"url\":\"http:\/\/0.gravatar.com\/avatar\/908017768af17243d60f050e5ea8779b?s=96&d=mm&r=g\",\"contentUrl\":\"http:\/\/0.gravatar.com\/avatar\/908017768af17243d60f050e5ea8779b?s=96&d=mm&r=g\",\"caption\":\"IENASAJSoftware\"},\"sameAs\":[\"http:\/\/scad.software\"]}]}<\/script>\n<!-- \/ Yoast SEO plugin. -->","yoast_head_json":{"title":"Colombia: Ahora Tambi\u00e9n Realizamos La Factura Electr\u00f3nica Con SCAD &bull; Inform\u00e1tica Especializada NASAJ","robots":{"index":"index","follow":"follow","max-snippet":"max-snippet:-1","max-image-preview":"max-image-preview:large","max-video-preview":"max-video-preview:-1"},"canonical":"http:\/\/www.ienasaj.com\/index.php\/colombia-ahora-tambien-realizamos-la-factura-electronica-con-scad\/","og_locale":"es_ES","og_type":"article","og_title":"Colombia: Ahora Tambi\u00e9n Realizamos La Factura Electr\u00f3nica Con SCAD &bull; Inform\u00e1tica Especializada NASAJ","og_description":"[vc_row][vc_column][vc_column_text] Dicho tr\u00e1mite de la factura electr\u00f3nica ya es una obligaci\u00f3n en Colombia. A partir del segundo semestre del 2019, y de forma gradual, entr\u00f3 en vigencia la norma para la mayor\u00eda de compa\u00f1\u00edas y personas obligadas a facturar. \u00bfQu\u00e9 es la factura electr\u00f3nica? Es una factura con los mismos efectos legales que una en[...]","og_url":"http:\/\/www.ienasaj.com\/index.php\/colombia-ahora-tambien-realizamos-la-factura-electronica-con-scad\/","og_site_name":"Inform\u00e1tica Especializada NASAJ","article_publisher":"https:\/\/www.facebook.com\/informaticaespecializadanasaj","article_published_time":"2019-03-03T07:53:01+00:00","article_modified_time":"2021-02-17T20:07:13+00:00","og_image":[{"width":1900,"height":1140,"url":"http:\/\/www.ienasaj.com\/wp-content\/uploads\/2020\/12\/Colombia-Ahora-Tambien-Realizamos-La-Factura-Electronica-Con-SCAD.jpg","type":"image\/jpeg"}],"twitter_card":"summary_large_image","twitter_creator":"@ienasaj","twitter_site":"@ienasaj","twitter_misc":{"Escrito por":"IENASAJSoftware","Tiempo de lectura":"1 minuto"},"schema":{"@context":"https:\/\/schema.org","@graph":[{"@type":"Organization","@id":"http:\/\/www.ienasaj.com\/#organization","name":"Inform\u00e1tica Especializada Nasaj","url":"http:\/\/www.ienasaj.com\/","sameAs":["https:\/\/www.facebook.com\/informaticaespecializadanasaj","https:\/\/www.instagram.com\/ienasaj\/","https:\/\/www.linkedin.com\/company\/inform\u00e1tica-especializada-nasaj\/","https:\/\/www.youtube.com\/user\/infnasaj","https:\/\/twitter.com\/ienasaj"],"logo":{"@type":"ImageObject","inLanguage":"es","@id":"http:\/\/www.ienasaj.com\/#\/schema\/logo\/image\/","url":"http:\/\/www.ienasaj.com\/wp-content\/uploads\/2020\/12\/logo_ienasaj-erp-nuevo-th.png","contentUrl":"http:\/\/www.ienasaj.com\/wp-content\/uploads\/2020\/12\/logo_ienasaj-erp-nuevo-th.png","width":140,"height":47,"caption":"Inform\u00e1tica Especializada Nasaj"},"image":{"@id":"http:\/\/www.ienasaj.com\/#\/schema\/logo\/image\/"}},{"@type":"WebSite","@id":"http:\/\/www.ienasaj.com\/#website","url":"http:\/\/www.ienasaj.com\/","name":"Inform\u00e1tica Especializada NASAJ","description":"Software ERP para gesti\u00f3n empresarial, software y soluciones empresariales latinoamerica","publisher":{"@id":"http:\/\/www.ienasaj.com\/#organization"},"potentialAction":[{"@type":"SearchAction","target":{"@type":"EntryPoint","urlTemplate":"http:\/\/www.ienasaj.com\/?s={search_term_string}"},"query-input":"required name=search_term_string"}],"inLanguage":"es"},{"@type":"ImageObject","inLanguage":"es","@id":"http:\/\/www.ienasaj.com\/index.php\/colombia-ahora-tambien-realizamos-la-factura-electronica-con-scad\/#primaryimage","url":"http:\/\/www.ienasaj.com\/wp-content\/uploads\/2020\/12\/Colombia-Ahora-Tambien-Realizamos-La-Factura-Electronica-Con-SCAD.jpg","contentUrl":"http:\/\/www.ienasaj.com\/wp-content\/uploads\/2020\/12\/Colombia-Ahora-Tambien-Realizamos-La-Factura-Electronica-Con-SCAD.jpg","width":1900,"height":1140},{"@type":"WebPage","@id":"http:\/\/www.ienasaj.com\/index.php\/colombia-ahora-tambien-realizamos-la-factura-electronica-con-scad\/#webpage","url":"http:\/\/www.ienasaj.com\/index.php\/colombia-ahora-tambien-realizamos-la-factura-electronica-con-scad\/","name":"Colombia: Ahora Tambi\u00e9n Realizamos La Factura Electr\u00f3nica Con SCAD &bull; Inform\u00e1tica Especializada NASAJ","isPartOf":{"@id":"http:\/\/www.ienasaj.com\/#website"},"primaryImageOfPage":{"@id":"http:\/\/www.ienasaj.com\/index.php\/colombia-ahora-tambien-realizamos-la-factura-electronica-con-scad\/#primaryimage"},"datePublished":"2019-03-03T07:53:01+00:00","dateModified":"2021-02-17T20:07:13+00:00","breadcrumb":{"@id":"http:\/\/www.ienasaj.com\/index.php\/colombia-ahora-tambien-realizamos-la-factura-electronica-con-scad\/#breadcrumb"},"inLanguage":"es","potentialAction":[{"@type":"ReadAction","target":["http:\/\/www.ienasaj.com\/index.php\/colombia-ahora-tambien-realizamos-la-factura-electronica-con-scad\/"]}]},{"@type":"BreadcrumbList","@id":"http:\/\/www.ienasaj.com\/index.php\/colombia-ahora-tambien-realizamos-la-factura-electronica-con-scad\/#breadcrumb","itemListElement":[{"@type":"ListItem","position":1,"name":"Home","item":"http:\/\/www.ienasaj.com\/"},{"@type":"ListItem","position":2,"name":"Colombia: Ahora Tambi\u00e9n Realizamos La Factura Electr\u00f3nica Con SCAD"}]},{"@type":"Article","@id":"http:\/\/www.ienasaj.com\/index.php\/colombia-ahora-tambien-realizamos-la-factura-electronica-con-scad\/#article","isPartOf":{"@id":"http:\/\/www.ienasaj.com\/index.php\/colombia-ahora-tambien-realizamos-la-factura-electronica-con-scad\/#webpage"},"author":{"@id":"http:\/\/www.ienasaj.com\/#\/schema\/person\/75f3d76719c0d47bc3667a868c5da40e"},"headline":"Colombia: Ahora Tambi\u00e9n Realizamos La Factura Electr\u00f3nica Con SCAD","datePublished":"2019-03-03T07:53:01+00:00","dateModified":"2021-02-17T20:07:13+00:00","mainEntityOfPage":{"@id":"http:\/\/www.ienasaj.com\/index.php\/colombia-ahora-tambien-realizamos-la-factura-electronica-con-scad\/#webpage"},"wordCount":214,"publisher":{"@id":"http:\/\/www.ienasaj.com\/#organization"},"image":{"@id":"http:\/\/www.ienasaj.com\/index.php\/colombia-ahora-tambien-realizamos-la-factura-electronica-con-scad\/#primaryimage"},"thumbnailUrl":"http:\/\/www.ienasaj.com\/wp-content\/uploads\/2020\/12\/Colombia-Ahora-Tambien-Realizamos-La-Factura-Electronica-Con-SCAD.jpg","keywords":["colombia","ERP","facturaci\u00f3n electronica","POS","software administrativo","software contable","software de facturaci\u00f3n"],"articleSection":["Colombia","ERP SCAD"],"inLanguage":"es"},{"@type":"Person","@id":"http:\/\/www.ienasaj.com\/#\/schema\/person\/75f3d76719c0d47bc3667a868c5da40e","name":"IENASAJSoftware","image":{"@type":"ImageObject","inLanguage":"es","@id":"http:\/\/www.ienasaj.com\/#\/schema\/person\/image\/","url":"http:\/\/0.gravatar.com\/avatar\/908017768af17243d60f050e5ea8779b?s=96&d=mm&r=g","contentUrl":"http:\/\/0.gravatar.com\/avatar\/908017768af17243d60f050e5ea8779b?s=96&d=mm&r=g","caption":"IENASAJSoftware"},"sameAs":["http:\/\/scad.software"]}]}},"_links":{"self":[{"href":"http:\/\/www.ienasaj.com\/index.php\/wp-json\/wp\/v2\/posts\/1868"}],"collection":[{"href":"http:\/\/www.ienasaj.com\/index.php\/wp-json\/wp\/v2\/posts"}],"about":[{"href":"http:\/\/www.ienasaj.com\/index.php\/wp-json\/wp\/v2\/types\/post"}],"author":[{"embeddable":true,"href":"http:\/\/www.ienasaj.com\/index.php\/wp-json\/wp\/v2\/users\/1"}],"replies":[{"embeddable":true,"href":"http:\/\/www.ienasaj.com\/index.php\/wp-json\/wp\/v2\/comments?post=1868"}],"version-history":[{"count":1,"href":"http:\/\/www.ienasaj.com\/index.php\/wp-json\/wp\/v2\/posts\/1868\/revisions"}],"predecessor-version":[{"id":1870,"href":"http:\/\/www.ienasaj.com\/index.php\/wp-json\/wp\/v2\/posts\/1868\/revisions\/1870"}],"wp:featuredmedia":[{"embeddable":true,"href":"http:\/\/www.ienasaj.com\/index.php\/wp-json\/wp\/v2\/media\/1869"}],"wp:attachment":[{"href":"http:\/\/www.ienasaj.com\/index.php\/wp-json\/wp\/v2\/media?parent=1868"}],"wp:term":[{"taxonomy":"category","embeddable":true,"href":"http:\/\/www.ienasaj.com\/index.php\/wp-json\/wp\/v2\/categories?post=1868"},{"taxonomy":"post_tag","embeddable":true,"href":"http:\/\/www.ienasaj.com\/index.php\/wp-json\/wp\/v2\/tags?post=1868"}],"curies":[{"name":"wp","href":"https:\/\/api.w.org\/{rel}","templated":true}]}}