{"id":2844,"date":"2021-05-20T12:09:18","date_gmt":"2021-05-20T18:09:18","guid":{"rendered":"http:\/\/www.ienasaj.com\/?p=2844"},"modified":"2021-06-21T14:43:17","modified_gmt":"2021-06-21T20:43:17","slug":"dispositivos-de-comunicacion-en-panama-y-la-fecha-limite-para-empezar-a-usarlos-segun-el-decreto-770","status":"publish","type":"post","link":"http:\/\/www.ienasaj.com\/index.php\/dispositivos-de-comunicacion-en-panama-y-la-fecha-limite-para-empezar-a-usarlos-segun-el-decreto-770\/","title":{"rendered":"Dispositivos de comunicaci\u00f3n en Panam\u00e1 y la fecha l\u00edmite para empezar a usarlos, seg\u00fan el Decreto 770"},"content":{"rendered":"<p>[vc_row][vc_column][vc_column_text]<\/p>\n<div class=\"itemIntroText\">\n<p>Dicho decreto establecido el 30 de diciembre de 2020 habla de las normas para la adopci\u00f3n de Equipos Fiscales. A partir de \u00e9l, toda persona natural o jur\u00eddica que est\u00e9 obligada a adoptar y utilizar equipos fiscales para documentar operaciones de transferencias, venta de bienes y prestaci\u00f3n de servicios mediante facturas o documento equivalente, tambi\u00e9n est\u00e1n obligadas a cumplir con disposiciones dentro de las cuales est\u00e1 el uso de Dispositivos de Comunicaci\u00f3n.<\/p>\n<p>Sobre ellos se dice que son componentes de hardware y firmware incorporados al equipo fiscal, o externos que permiten la conexi\u00f3n a internet para el reporte de operaciones.<\/p>\n<\/div>\n<p>[\/vc_column_text][vc_btn title=\u00bb<\/p>\n<h2>Adquiera su Dispositivo de comunicaci\u00f3n para Impresora Fiscal en Panam\u00e1. \u00a1Aqu\u00ed!<\/h2>\n<p>\u00bb shape=\u00bbsquare\u00bb color=\u00bbblue\u00bb size=\u00bblg\u00bb align=\u00bbcenter\u00bb css_animation=\u00bbfadeIn\u00bb button_block=\u00bbtrue\u00bb link=\u00bburl:http%3A%2F%2Fwww.ienasaj.com%2Findex.php%2Fsoluciones-de-software%2Fdispositivo-de-comunicacion-para-impresora-fiscal%2F|title:Facturaci%C3%B3n%20Electr%C3%B3nica%20para%20Panam%C3%A1&#8243;][vc_message]<strong>Decreto Ejecutivo N\u00b0 770<\/strong> (De mi\u00e9rcoles 30 de diciembre de 2020). Que establece las normas relativas a la adopci\u00f3n de equipos fiscales para la emisi\u00f3n de comprobantes fiscales y otros documentos.[\/vc_message][vc_column_text]<\/p>\n<div class=\"itemIntroText\">\n<h3>\u00bfEs obligatoria la incorporaci\u00f3n de los Dispositivos de Comunicaci\u00f3n?<\/h3>\n<p>S\u00ed lo es. Su obligatoriedad est\u00e1 basada en que el dispositivo permite la comunicaci\u00f3n con la API Web (intercambio de informaci\u00f3n entre el Equipo Fiscal y el DGI) a trav\u00e9s de la conexi\u00f3n a internet.<\/p>\n<h3>Fecha l\u00edmite establecida para adoptar la norma<\/h3>\n<p>De acuerdo la Resoluci\u00f3n No. 201-0294, Secci\u00f3n 2, \u201chasta el 1 de junio de 2021, fecha en la que toda persona natural o jur\u00eddica debe haber realizado todos los ajustes necesarios para cumplir la norma indicada\u201d.<\/p>\n<h3>Con qui\u00e9n se tramita la adquisici\u00f3n del Dispositivo de Comunicaci\u00f3n<\/h3>\n<p>El distribuidor de equipo fiscal y los centros autorizados son los \u00fanicos en quienes debe confiar acerca de la informaci\u00f3n de dispositivos y componentes necesarios para que el Equipo Fiscal tenga conexi\u00f3n a internet. As\u00ed se suministra la informaci\u00f3n que requiere la DGI.<\/p>\n<\/div>\n<p>[\/vc_column_text][vc_separator border_width=\u00bb3&#8243;][vc_separator border_width=\u00bb3&#8243;][vc_hoverbox image=\u00bb2724&#8243; primary_title=\u00bb\u00bb hover_title=\u00bbAdquiera el Software para Facturaci\u00f3n Electr\u00f3nica Aqu\u00ed\u00bb]<\/p>\n<p style=\"text-align: justify;\">Software que integra todas las funcionalidades necesarias y requeridas por la DGI para generar la factura electr\u00f3nica de su negocio.<\/p>\n<p>[\/vc_hoverbox][\/vc_column][\/vc_row]<\/p>\n","protected":false},"excerpt":{"rendered":"[vc_row][vc_column][vc_column_text] Dicho decreto establecido el 30 de diciembre de 2020 habla de las normas para la adopci\u00f3n de Equipos Fiscales. A partir de \u00e9l, toda persona natural o jur\u00eddica que est\u00e9 obligada a adoptar y utilizar equipos fiscales para documentar operaciones de transferencias, venta de bienes y prestaci\u00f3n de servicios mediante facturas o documento equivalente,[&#8230;]","protected":false},"author":1,"featured_media":2847,"comment_status":"closed","ping_status":"closed","sticky":false,"template":"","format":"standard","meta":[],"categories":[63,65],"tags":[70,76,68,69,72,74,75,73,71],"yoast_head":"<!-- This site is optimized with the Yoast SEO plugin v18.8 - https:\/\/yoast.com\/wordpress\/plugins\/seo\/ -->\n<title>Dispositivos de comunicaci\u00f3n en Panam\u00e1 y la fecha l\u00edmite para empezar a usarlos, seg\u00fan el Decreto 770 &bull; Inform\u00e1tica Especializada NASAJ<\/title>\n<meta name=\"description\" content=\"El pasado 26 de enero de 2021 fue publicada la Resoluci\u00f3n No. 201-0295 del 20 de enero de 2021 por parte de la DGI ente fiscal paname\u00f1o que lidera el proceso de factura electr\u00f3nica en el pa\u00eds, por de esta se ha dado la Reglamentaci\u00f3n de los Proveedores de Autorizaci\u00f3n Calificados o PAC para la Factura Electr\u00f3nica.\" \/>\n<meta name=\"robots\" content=\"index, follow, max-snippet:-1, max-image-preview:large, max-video-preview:-1\" \/>\n<link rel=\"canonical\" href=\"http:\/\/www.ienasaj.com\/index.php\/dispositivos-de-comunicacion-en-panama-y-la-fecha-limite-para-empezar-a-usarlos-segun-el-decreto-770\/\" \/>\n<meta property=\"og:locale\" content=\"es_ES\" \/>\n<meta property=\"og:type\" content=\"article\" \/>\n<meta property=\"og:title\" content=\"Dispositivos de comunicaci\u00f3n en Panam\u00e1 y la fecha l\u00edmite para empezar a usarlos, seg\u00fan el Decreto 770 &bull; Inform\u00e1tica Especializada NASAJ\" \/>\n<meta property=\"og:description\" content=\"El pasado 26 de enero de 2021 fue publicada la Resoluci\u00f3n No. 201-0295 del 20 de enero de 2021 por parte de la DGI ente fiscal paname\u00f1o que lidera el proceso de factura electr\u00f3nica en el pa\u00eds, por de esta se ha dado la Reglamentaci\u00f3n de los Proveedores de Autorizaci\u00f3n Calificados o PAC para la Factura Electr\u00f3nica.\" \/>\n<meta property=\"og:url\" content=\"http:\/\/www.ienasaj.com\/index.php\/dispositivos-de-comunicacion-en-panama-y-la-fecha-limite-para-empezar-a-usarlos-segun-el-decreto-770\/\" \/>\n<meta property=\"og:site_name\" content=\"Inform\u00e1tica Especializada NASAJ\" \/>\n<meta property=\"article:publisher\" content=\"https:\/\/www.facebook.com\/informaticaespecializadanasaj\" \/>\n<meta property=\"article:published_time\" content=\"2021-05-20T18:09:18+00:00\" \/>\n<meta property=\"article:modified_time\" content=\"2021-06-21T20:43:17+00:00\" \/>\n<meta property=\"og:image\" content=\"http:\/\/www.ienasaj.com\/wp-content\/uploads\/2021\/05\/dispositivos-de-comunicacion-en-panama-y-la-fecha-limite-para-empezar-a-usarlos-segun-el-Decreto-770.jpg\" \/>\n\t<meta property=\"og:image:width\" content=\"1200\" \/>\n\t<meta property=\"og:image:height\" content=\"628\" \/>\n\t<meta property=\"og:image:type\" content=\"image\/jpeg\" \/>\n<meta name=\"twitter:card\" content=\"summary_large_image\" \/>\n<meta name=\"twitter:creator\" content=\"@ienasaj\" \/>\n<meta name=\"twitter:site\" content=\"@ienasaj\" \/>\n<meta name=\"twitter:label1\" content=\"Escrito por\" \/>\n\t<meta name=\"twitter:data1\" content=\"IENASAJSoftware\" \/>\n\t<meta name=\"twitter:label2\" content=\"Tiempo de lectura\" \/>\n\t<meta name=\"twitter:data2\" content=\"2 minutos\" \/>\n<script type=\"application\/ld+json\" class=\"yoast-schema-graph\">{\"@context\":\"https:\/\/schema.org\",\"@graph\":[{\"@type\":\"Organization\",\"@id\":\"http:\/\/www.ienasaj.com\/#organization\",\"name\":\"Inform\u00e1tica Especializada Nasaj\",\"url\":\"http:\/\/www.ienasaj.com\/\",\"sameAs\":[\"https:\/\/www.facebook.com\/informaticaespecializadanasaj\",\"https:\/\/www.instagram.com\/ienasaj\/\",\"https:\/\/www.linkedin.com\/company\/inform\u00e1tica-especializada-nasaj\/\",\"https:\/\/www.youtube.com\/user\/infnasaj\",\"https:\/\/twitter.com\/ienasaj\"],\"logo\":{\"@type\":\"ImageObject\",\"inLanguage\":\"es\",\"@id\":\"http:\/\/www.ienasaj.com\/#\/schema\/logo\/image\/\",\"url\":\"http:\/\/www.ienasaj.com\/wp-content\/uploads\/2020\/12\/logo_ienasaj-erp-nuevo-th.png\",\"contentUrl\":\"http:\/\/www.ienasaj.com\/wp-content\/uploads\/2020\/12\/logo_ienasaj-erp-nuevo-th.png\",\"width\":140,\"height\":47,\"caption\":\"Inform\u00e1tica Especializada Nasaj\"},\"image\":{\"@id\":\"http:\/\/www.ienasaj.com\/#\/schema\/logo\/image\/\"}},{\"@type\":\"WebSite\",\"@id\":\"http:\/\/www.ienasaj.com\/#website\",\"url\":\"http:\/\/www.ienasaj.com\/\",\"name\":\"Inform\u00e1tica Especializada NASAJ\",\"description\":\"Software ERP para gesti\u00f3n empresarial, software y soluciones empresariales latinoamerica\",\"publisher\":{\"@id\":\"http:\/\/www.ienasaj.com\/#organization\"},\"potentialAction\":[{\"@type\":\"SearchAction\",\"target\":{\"@type\":\"EntryPoint\",\"urlTemplate\":\"http:\/\/www.ienasaj.com\/?s={search_term_string}\"},\"query-input\":\"required name=search_term_string\"}],\"inLanguage\":\"es\"},{\"@type\":\"ImageObject\",\"inLanguage\":\"es\",\"@id\":\"http:\/\/www.ienasaj.com\/index.php\/dispositivos-de-comunicacion-en-panama-y-la-fecha-limite-para-empezar-a-usarlos-segun-el-decreto-770\/#primaryimage\",\"url\":\"http:\/\/www.ienasaj.com\/wp-content\/uploads\/2021\/05\/dispositivos-de-comunicacion-en-panama-y-la-fecha-limite-para-empezar-a-usarlos-segun-el-Decreto-770.jpg\",\"contentUrl\":\"http:\/\/www.ienasaj.com\/wp-content\/uploads\/2021\/05\/dispositivos-de-comunicacion-en-panama-y-la-fecha-limite-para-empezar-a-usarlos-segun-el-Decreto-770.jpg\",\"width\":1200,\"height\":628},{\"@type\":\"WebPage\",\"@id\":\"http:\/\/www.ienasaj.com\/index.php\/dispositivos-de-comunicacion-en-panama-y-la-fecha-limite-para-empezar-a-usarlos-segun-el-decreto-770\/#webpage\",\"url\":\"http:\/\/www.ienasaj.com\/index.php\/dispositivos-de-comunicacion-en-panama-y-la-fecha-limite-para-empezar-a-usarlos-segun-el-decreto-770\/\",\"name\":\"Dispositivos de comunicaci\u00f3n en Panam\u00e1 y la fecha l\u00edmite para empezar a usarlos, seg\u00fan el Decreto 770 &bull; Inform\u00e1tica Especializada NASAJ\",\"isPartOf\":{\"@id\":\"http:\/\/www.ienasaj.com\/#website\"},\"primaryImageOfPage\":{\"@id\":\"http:\/\/www.ienasaj.com\/index.php\/dispositivos-de-comunicacion-en-panama-y-la-fecha-limite-para-empezar-a-usarlos-segun-el-decreto-770\/#primaryimage\"},\"datePublished\":\"2021-05-20T18:09:18+00:00\",\"dateModified\":\"2021-06-21T20:43:17+00:00\",\"description\":\"El pasado 26 de enero de 2021 fue publicada la Resoluci\u00f3n No. 201-0295 del 20 de enero de 2021 por parte de la DGI ente fiscal paname\u00f1o que lidera el proceso de factura electr\u00f3nica en el pa\u00eds, por de esta se ha dado la Reglamentaci\u00f3n de los Proveedores de Autorizaci\u00f3n Calificados o PAC para la Factura Electr\u00f3nica.\",\"breadcrumb\":{\"@id\":\"http:\/\/www.ienasaj.com\/index.php\/dispositivos-de-comunicacion-en-panama-y-la-fecha-limite-para-empezar-a-usarlos-segun-el-decreto-770\/#breadcrumb\"},\"inLanguage\":\"es\",\"potentialAction\":[{\"@type\":\"ReadAction\",\"target\":[\"http:\/\/www.ienasaj.com\/index.php\/dispositivos-de-comunicacion-en-panama-y-la-fecha-limite-para-empezar-a-usarlos-segun-el-decreto-770\/\"]}]},{\"@type\":\"BreadcrumbList\",\"@id\":\"http:\/\/www.ienasaj.com\/index.php\/dispositivos-de-comunicacion-en-panama-y-la-fecha-limite-para-empezar-a-usarlos-segun-el-decreto-770\/#breadcrumb\",\"itemListElement\":[{\"@type\":\"ListItem\",\"position\":1,\"name\":\"Home\",\"item\":\"http:\/\/www.ienasaj.com\/\"},{\"@type\":\"ListItem\",\"position\":2,\"name\":\"Dispositivos de comunicaci\u00f3n en Panam\u00e1 y la fecha l\u00edmite para empezar a usarlos, seg\u00fan el Decreto 770\"}]},{\"@type\":\"Article\",\"@id\":\"http:\/\/www.ienasaj.com\/index.php\/dispositivos-de-comunicacion-en-panama-y-la-fecha-limite-para-empezar-a-usarlos-segun-el-decreto-770\/#article\",\"isPartOf\":{\"@id\":\"http:\/\/www.ienasaj.com\/index.php\/dispositivos-de-comunicacion-en-panama-y-la-fecha-limite-para-empezar-a-usarlos-segun-el-decreto-770\/#webpage\"},\"author\":{\"@id\":\"http:\/\/www.ienasaj.com\/#\/schema\/person\/75f3d76719c0d47bc3667a868c5da40e\"},\"headline\":\"Dispositivos de comunicaci\u00f3n en Panam\u00e1 y la fecha l\u00edmite para empezar a usarlos, seg\u00fan el Decreto 770\",\"datePublished\":\"2021-05-20T18:09:18+00:00\",\"dateModified\":\"2021-06-21T20:43:17+00:00\",\"mainEntityOfPage\":{\"@id\":\"http:\/\/www.ienasaj.com\/index.php\/dispositivos-de-comunicacion-en-panama-y-la-fecha-limite-para-empezar-a-usarlos-segun-el-decreto-770\/#webpage\"},\"wordCount\":434,\"publisher\":{\"@id\":\"http:\/\/www.ienasaj.com\/#organization\"},\"image\":{\"@id\":\"http:\/\/www.ienasaj.com\/index.php\/dispositivos-de-comunicacion-en-panama-y-la-fecha-limite-para-empezar-a-usarlos-segun-el-decreto-770\/#primaryimage\"},\"thumbnailUrl\":\"http:\/\/www.ienasaj.com\/wp-content\/uploads\/2021\/05\/dispositivos-de-comunicacion-en-panama-y-la-fecha-limite-para-empezar-a-usarlos-segun-el-Decreto-770.jpg\",\"keywords\":[\"cajas registradoras fiscales\",\"ERP\",\"facturaci\u00f3n electronica\",\"impresora fiscal\",\"panam\u00e1\",\"POS\",\"software administrativo\",\"software contable\",\"software de facturaci\u00f3n\"],\"articleSection\":[\"ERP SCAD\",\"Panam\u00e1\"],\"inLanguage\":\"es\"},{\"@type\":\"Person\",\"@id\":\"http:\/\/www.ienasaj.com\/#\/schema\/person\/75f3d76719c0d47bc3667a868c5da40e\",\"name\":\"IENASAJSoftware\",\"image\":{\"@type\":\"ImageObject\",\"inLanguage\":\"es\",\"@id\":\"http:\/\/www.ienasaj.com\/#\/schema\/person\/image\/\",\"url\":\"http:\/\/0.gravatar.com\/avatar\/908017768af17243d60f050e5ea8779b?s=96&d=mm&r=g\",\"contentUrl\":\"http:\/\/0.gravatar.com\/avatar\/908017768af17243d60f050e5ea8779b?s=96&d=mm&r=g\",\"caption\":\"IENASAJSoftware\"},\"sameAs\":[\"http:\/\/scad.software\"]}]}<\/script>\n<!-- \/ Yoast SEO plugin. -->","yoast_head_json":{"title":"Dispositivos de comunicaci\u00f3n en Panam\u00e1 y la fecha l\u00edmite para empezar a usarlos, seg\u00fan el Decreto 770 &bull; Inform\u00e1tica Especializada NASAJ","description":"El pasado 26 de enero de 2021 fue publicada la Resoluci\u00f3n No. 201-0295 del 20 de enero de 2021 por parte de la DGI ente fiscal paname\u00f1o que lidera el proceso de factura electr\u00f3nica en el pa\u00eds, por de esta se ha dado la Reglamentaci\u00f3n de los Proveedores de Autorizaci\u00f3n Calificados o PAC para la Factura Electr\u00f3nica.","robots":{"index":"index","follow":"follow","max-snippet":"max-snippet:-1","max-image-preview":"max-image-preview:large","max-video-preview":"max-video-preview:-1"},"canonical":"http:\/\/www.ienasaj.com\/index.php\/dispositivos-de-comunicacion-en-panama-y-la-fecha-limite-para-empezar-a-usarlos-segun-el-decreto-770\/","og_locale":"es_ES","og_type":"article","og_title":"Dispositivos de comunicaci\u00f3n en Panam\u00e1 y la fecha l\u00edmite para empezar a usarlos, seg\u00fan el Decreto 770 &bull; Inform\u00e1tica Especializada NASAJ","og_description":"El pasado 26 de enero de 2021 fue publicada la Resoluci\u00f3n No. 201-0295 del 20 de enero de 2021 por parte de la DGI ente fiscal paname\u00f1o que lidera el proceso de factura electr\u00f3nica en el pa\u00eds, por de esta se ha dado la Reglamentaci\u00f3n de los Proveedores de Autorizaci\u00f3n Calificados o PAC para la Factura Electr\u00f3nica.","og_url":"http:\/\/www.ienasaj.com\/index.php\/dispositivos-de-comunicacion-en-panama-y-la-fecha-limite-para-empezar-a-usarlos-segun-el-decreto-770\/","og_site_name":"Inform\u00e1tica Especializada NASAJ","article_publisher":"https:\/\/www.facebook.com\/informaticaespecializadanasaj","article_published_time":"2021-05-20T18:09:18+00:00","article_modified_time":"2021-06-21T20:43:17+00:00","og_image":[{"width":1200,"height":628,"url":"http:\/\/www.ienasaj.com\/wp-content\/uploads\/2021\/05\/dispositivos-de-comunicacion-en-panama-y-la-fecha-limite-para-empezar-a-usarlos-segun-el-Decreto-770.jpg","type":"image\/jpeg"}],"twitter_card":"summary_large_image","twitter_creator":"@ienasaj","twitter_site":"@ienasaj","twitter_misc":{"Escrito por":"IENASAJSoftware","Tiempo de lectura":"2 minutos"},"schema":{"@context":"https:\/\/schema.org","@graph":[{"@type":"Organization","@id":"http:\/\/www.ienasaj.com\/#organization","name":"Inform\u00e1tica Especializada Nasaj","url":"http:\/\/www.ienasaj.com\/","sameAs":["https:\/\/www.facebook.com\/informaticaespecializadanasaj","https:\/\/www.instagram.com\/ienasaj\/","https:\/\/www.linkedin.com\/company\/inform\u00e1tica-especializada-nasaj\/","https:\/\/www.youtube.com\/user\/infnasaj","https:\/\/twitter.com\/ienasaj"],"logo":{"@type":"ImageObject","inLanguage":"es","@id":"http:\/\/www.ienasaj.com\/#\/schema\/logo\/image\/","url":"http:\/\/www.ienasaj.com\/wp-content\/uploads\/2020\/12\/logo_ienasaj-erp-nuevo-th.png","contentUrl":"http:\/\/www.ienasaj.com\/wp-content\/uploads\/2020\/12\/logo_ienasaj-erp-nuevo-th.png","width":140,"height":47,"caption":"Inform\u00e1tica Especializada Nasaj"},"image":{"@id":"http:\/\/www.ienasaj.com\/#\/schema\/logo\/image\/"}},{"@type":"WebSite","@id":"http:\/\/www.ienasaj.com\/#website","url":"http:\/\/www.ienasaj.com\/","name":"Inform\u00e1tica Especializada NASAJ","description":"Software ERP para gesti\u00f3n empresarial, software y soluciones empresariales latinoamerica","publisher":{"@id":"http:\/\/www.ienasaj.com\/#organization"},"potentialAction":[{"@type":"SearchAction","target":{"@type":"EntryPoint","urlTemplate":"http:\/\/www.ienasaj.com\/?s={search_term_string}"},"query-input":"required name=search_term_string"}],"inLanguage":"es"},{"@type":"ImageObject","inLanguage":"es","@id":"http:\/\/www.ienasaj.com\/index.php\/dispositivos-de-comunicacion-en-panama-y-la-fecha-limite-para-empezar-a-usarlos-segun-el-decreto-770\/#primaryimage","url":"http:\/\/www.ienasaj.com\/wp-content\/uploads\/2021\/05\/dispositivos-de-comunicacion-en-panama-y-la-fecha-limite-para-empezar-a-usarlos-segun-el-Decreto-770.jpg","contentUrl":"http:\/\/www.ienasaj.com\/wp-content\/uploads\/2021\/05\/dispositivos-de-comunicacion-en-panama-y-la-fecha-limite-para-empezar-a-usarlos-segun-el-Decreto-770.jpg","width":1200,"height":628},{"@type":"WebPage","@id":"http:\/\/www.ienasaj.com\/index.php\/dispositivos-de-comunicacion-en-panama-y-la-fecha-limite-para-empezar-a-usarlos-segun-el-decreto-770\/#webpage","url":"http:\/\/www.ienasaj.com\/index.php\/dispositivos-de-comunicacion-en-panama-y-la-fecha-limite-para-empezar-a-usarlos-segun-el-decreto-770\/","name":"Dispositivos de comunicaci\u00f3n en Panam\u00e1 y la fecha l\u00edmite para empezar a usarlos, seg\u00fan el Decreto 770 &bull; Inform\u00e1tica Especializada NASAJ","isPartOf":{"@id":"http:\/\/www.ienasaj.com\/#website"},"primaryImageOfPage":{"@id":"http:\/\/www.ienasaj.com\/index.php\/dispositivos-de-comunicacion-en-panama-y-la-fecha-limite-para-empezar-a-usarlos-segun-el-decreto-770\/#primaryimage"},"datePublished":"2021-05-20T18:09:18+00:00","dateModified":"2021-06-21T20:43:17+00:00","description":"El pasado 26 de enero de 2021 fue publicada la Resoluci\u00f3n No. 201-0295 del 20 de enero de 2021 por parte de la DGI ente fiscal paname\u00f1o que lidera el proceso de factura electr\u00f3nica en el pa\u00eds, por de esta se ha dado la Reglamentaci\u00f3n de los Proveedores de Autorizaci\u00f3n Calificados o PAC para la Factura Electr\u00f3nica.","breadcrumb":{"@id":"http:\/\/www.ienasaj.com\/index.php\/dispositivos-de-comunicacion-en-panama-y-la-fecha-limite-para-empezar-a-usarlos-segun-el-decreto-770\/#breadcrumb"},"inLanguage":"es","potentialAction":[{"@type":"ReadAction","target":["http:\/\/www.ienasaj.com\/index.php\/dispositivos-de-comunicacion-en-panama-y-la-fecha-limite-para-empezar-a-usarlos-segun-el-decreto-770\/"]}]},{"@type":"BreadcrumbList","@id":"http:\/\/www.ienasaj.com\/index.php\/dispositivos-de-comunicacion-en-panama-y-la-fecha-limite-para-empezar-a-usarlos-segun-el-decreto-770\/#breadcrumb","itemListElement":[{"@type":"ListItem","position":1,"name":"Home","item":"http:\/\/www.ienasaj.com\/"},{"@type":"ListItem","position":2,"name":"Dispositivos de comunicaci\u00f3n en Panam\u00e1 y la fecha l\u00edmite para empezar a usarlos, seg\u00fan el Decreto 770"}]},{"@type":"Article","@id":"http:\/\/www.ienasaj.com\/index.php\/dispositivos-de-comunicacion-en-panama-y-la-fecha-limite-para-empezar-a-usarlos-segun-el-decreto-770\/#article","isPartOf":{"@id":"http:\/\/www.ienasaj.com\/index.php\/dispositivos-de-comunicacion-en-panama-y-la-fecha-limite-para-empezar-a-usarlos-segun-el-decreto-770\/#webpage"},"author":{"@id":"http:\/\/www.ienasaj.com\/#\/schema\/person\/75f3d76719c0d47bc3667a868c5da40e"},"headline":"Dispositivos de comunicaci\u00f3n en Panam\u00e1 y la fecha l\u00edmite para empezar a usarlos, seg\u00fan el Decreto 770","datePublished":"2021-05-20T18:09:18+00:00","dateModified":"2021-06-21T20:43:17+00:00","mainEntityOfPage":{"@id":"http:\/\/www.ienasaj.com\/index.php\/dispositivos-de-comunicacion-en-panama-y-la-fecha-limite-para-empezar-a-usarlos-segun-el-decreto-770\/#webpage"},"wordCount":434,"publisher":{"@id":"http:\/\/www.ienasaj.com\/#organization"},"image":{"@id":"http:\/\/www.ienasaj.com\/index.php\/dispositivos-de-comunicacion-en-panama-y-la-fecha-limite-para-empezar-a-usarlos-segun-el-decreto-770\/#primaryimage"},"thumbnailUrl":"http:\/\/www.ienasaj.com\/wp-content\/uploads\/2021\/05\/dispositivos-de-comunicacion-en-panama-y-la-fecha-limite-para-empezar-a-usarlos-segun-el-Decreto-770.jpg","keywords":["cajas registradoras fiscales","ERP","facturaci\u00f3n electronica","impresora fiscal","panam\u00e1","POS","software administrativo","software contable","software de facturaci\u00f3n"],"articleSection":["ERP SCAD","Panam\u00e1"],"inLanguage":"es"},{"@type":"Person","@id":"http:\/\/www.ienasaj.com\/#\/schema\/person\/75f3d76719c0d47bc3667a868c5da40e","name":"IENASAJSoftware","image":{"@type":"ImageObject","inLanguage":"es","@id":"http:\/\/www.ienasaj.com\/#\/schema\/person\/image\/","url":"http:\/\/0.gravatar.com\/avatar\/908017768af17243d60f050e5ea8779b?s=96&d=mm&r=g","contentUrl":"http:\/\/0.gravatar.com\/avatar\/908017768af17243d60f050e5ea8779b?s=96&d=mm&r=g","caption":"IENASAJSoftware"},"sameAs":["http:\/\/scad.software"]}]}},"_links":{"self":[{"href":"http:\/\/www.ienasaj.com\/index.php\/wp-json\/wp\/v2\/posts\/2844"}],"collection":[{"href":"http:\/\/www.ienasaj.com\/index.php\/wp-json\/wp\/v2\/posts"}],"about":[{"href":"http:\/\/www.ienasaj.com\/index.php\/wp-json\/wp\/v2\/types\/post"}],"author":[{"embeddable":true,"href":"http:\/\/www.ienasaj.com\/index.php\/wp-json\/wp\/v2\/users\/1"}],"replies":[{"embeddable":true,"href":"http:\/\/www.ienasaj.com\/index.php\/wp-json\/wp\/v2\/comments?post=2844"}],"version-history":[{"count":10,"href":"http:\/\/www.ienasaj.com\/index.php\/wp-json\/wp\/v2\/posts\/2844\/revisions"}],"predecessor-version":[{"id":2857,"href":"http:\/\/www.ienasaj.com\/index.php\/wp-json\/wp\/v2\/posts\/2844\/revisions\/2857"}],"wp:featuredmedia":[{"embeddable":true,"href":"http:\/\/www.ienasaj.com\/index.php\/wp-json\/wp\/v2\/media\/2847"}],"wp:attachment":[{"href":"http:\/\/www.ienasaj.com\/index.php\/wp-json\/wp\/v2\/media?parent=2844"}],"wp:term":[{"taxonomy":"category","embeddable":true,"href":"http:\/\/www.ienasaj.com\/index.php\/wp-json\/wp\/v2\/categories?post=2844"},{"taxonomy":"post_tag","embeddable":true,"href":"http:\/\/www.ienasaj.com\/index.php\/wp-json\/wp\/v2\/tags?post=2844"}],"curies":[{"name":"wp","href":"https:\/\/api.w.org\/{rel}","templated":true}]}}